{"id":1082,"date":"2024-03-06T07:34:41","date_gmt":"2024-03-06T07:34:41","guid":{"rendered":"https:\/\/nerecyilmaz.com\/?p=1082"},"modified":"2024-11-27T21:10:37","modified_gmt":"2024-11-27T21:10:37","slug":"instagram-icerik-ureticisi-pazaryeri","status":"publish","type":"post","link":"https:\/\/www.nerecyilmaz.com\/tr\/blog\/instagram-icerik-ureticisi-pazaryeri\/","title":{"rendered":"Instagram \u0130\u00e7erik \u00dcreticisi Pazaryeri"},"content":{"rendered":"<p><span style=\"font-weight: 400;\">Instagram i\u00e7erik \u00fcreticisi pazaryeri, 2022 y\u0131l\u0131nda ilk olarak ABD\u2019de test edilmeye ve kullan\u0131lmaya ba\u015flanm\u0131\u015ft\u0131. Ge\u00e7ti\u011fimiz g\u00fcnlerde Instagram, markalar ve i\u00e7erik \u00fcreticilerini bir araya getiren pazaryeri Creator Marketplace\u2019 i 8 \u00fclkede daha kullan\u0131ma a\u00e7t\u0131\u011f\u0131n\u0131 duyurdu.<\/span><\/p>\n<p><img loading=\"lazy\" decoding=\"async\" class=\" wp-image-1085 aligncenter\" src=\"https:\/\/nerecyilmaz.com\/wp-content\/uploads\/2024\/03\/icerik-ureticisi-pazar-yeri.webp\" alt=\"i\u00e7erik \u00fcreticisi pazaryeri\" width=\"500\" height=\"444\" \/><\/p>\n<p>&nbsp;<\/p>\n<p><span style=\"font-weight: 400;\">Bu yeni pazarlara Kanada, Avustralya, Yeni Zelanda, Birle\u015fik Krall\u0131k, Japonya, Hindistan ve Brezilya dahil olacak.<\/span><\/p>\n<p>&nbsp;<\/p>\n<p><span style=\"font-weight: 400;\">Markalar\u0131 reklam ortaklar\u0131 ve reklam \u00f6demesi alacak ki\u015fileri birle\u015ftirerek, Influencer marketing s\u00fcrecini kendi yap\u0131s\u0131na ta\u015f\u0131yan Instagram\u2019\u0131n yeni pazaryeri ile:<\/span><\/p>\n<p><span style=\"font-weight: 400;\">Ki\u015filerin markalara mesaj atmaya veya influencer ajanslar\u0131na ihtiya\u00e7lar\u0131 kalmayacak.<\/span><\/p>\n<p>&nbsp;<\/p>\n<p><span style=\"font-weight: 400;\">Ge\u00e7ti\u011fimiz sene i\u00e7erik \u00fcreticileriyle ileti\u015fim kurma ve brief yap\u0131land\u0131rmas\u0131 i\u00e7in API \u00f6zelli\u011fini aktif eden Instagram, i\u015fbirlikleri yapmak isteyen marka\/ajanslar\u0131 platformu kullanmaya davet etti.<\/span><\/p>\n<p>&nbsp;<\/p>\n<p><span style=\"font-weight: 400;\">Platformu kullanan marka ve i\u00e7erik \u00fcreticileri, birbiri ile ileti\u015fim kurarak \u00fccretli i\u015fbirlikleri yapabilecek ve bu sayede reklam verenler organik i\u00e7erikleri reklam olarak kullanabilecekler.<\/span><\/p>\n<p>&nbsp;<\/p>\n<p><span style=\"font-weight: 400;\">Hen\u00fcz ABD ve 8 \u00fclkede yay\u0131nda olan platformun yak\u0131n zamanda \u00fclkemize gelmesini bekliyoruz. Kullan\u0131ma a\u00e7\u0131ld\u0131ktan ve pazaryerine kat\u0131ld\u0131ktan sonra \u015funlar\u0131 yapabileceksiniz.<\/span><\/p>\n<p>&nbsp;<\/p>\n<h2><span style=\"font-weight: 400;\">\u0130\u00e7erik \u00dcretici Pazaryeri\u2019nin \u00d6zellikleri:<\/span><\/h2>\n<ul>\n<li style=\"font-weight: 400;\" aria-level=\"1\"><span style=\"font-weight: 400;\">Markalar\u0131 i\u00e7erik f\u0131rsatlar\u0131n\u0131 g\u00f6r\u00fcp, ilgilendi\u011finiz markalarla ileti\u015fime ge\u00e7ebileceksiniz.<\/span><\/li>\n<li style=\"font-weight: 400;\" aria-level=\"1\"><span style=\"font-weight: 400;\">Favori markalar\u0131n\u0131z\u0131 listemeyebileceksiniz. Bu sayede markalar onlarla \u00e7al\u0131\u015fmak istedi\u011fini g\u00f6rebilecek.<\/span><\/li>\n<li style=\"font-weight: 400;\" aria-level=\"1\"><span style=\"font-weight: 400;\">Ortak ke\u015fif \u00f6zelli\u011fiyle markalar\u0131n sizi ke\u015ffetmesini sa\u011flayacak. B\u00f6ylece markalar sizi ke\u015ffettikten sonra ortakl\u0131k mesaj\u0131 g\u00f6nderebilir.<\/span><\/li>\n<li style=\"font-weight: 400;\" aria-level=\"1\"><span style=\"font-weight: 400;\">\u00c7al\u0131\u015fmak istedi\u011finiz markalar\u0131n sizi bulmas\u0131n\u0131 kolayla\u015ft\u0131rmak i\u00e7in profilinize ilgi alanlar\u0131n\u0131z\u0131 ekleyebileceksiniz. (cilt bak\u0131m\u0131, g\u00fczellik, bilgisayar vs)<\/span><\/li>\n<li style=\"font-weight: 400;\" aria-level=\"1\"><span style=\"font-weight: 400;\">Marka \u00e7al\u0131\u015fmalar\u0131n\u0131z\u0131 sergilemek i\u00e7in i\u00e7erik \u00fcreticisi portfolyosu olu\u015fturabileceksiniz.<\/span><\/li>\n<\/ul>\n<p><img loading=\"lazy\" decoding=\"async\" class=\" wp-image-1087 aligncenter\" src=\"https:\/\/nerecyilmaz.com\/wp-content\/uploads\/2024\/03\/sponsored-content.webp\" alt=\"sponsorlu i\u00e7erik\" width=\"420\" height=\"439\" \/><\/p>\n<p>&nbsp;<\/p>\n<p><span style=\"font-weight: 400;\">\u0130\u00e7erik \u00fcreticileri i\u00e7in profesyonel i\u015fbirlikleri kap\u0131s\u0131 a\u00e7an platform, organik \u00fcretilmi\u015f i\u00e7erik ve nano influencer \u00e7a\u011f\u0131n\u0131n devam\u0131 niteli\u011finde olaca\u011f\u0131n\u0131 s\u00f6yleyebilirim.<\/span><\/p>\n<p>&nbsp;<\/p>\n<p><span style=\"font-weight: 400;\">Geni\u015fletilen pazar b\u00f6lgesinde beraber Meta, belirli bir pazarlama kampanyas\u0131 i\u00e7in markalar\u0131 ilgili i\u00e7erik \u00fcreticileriyle e\u015fle\u015ftirmek i\u00e7in makine \u00f6\u011frenimi algoritmas\u0131n\u0131 kullanaca\u011f\u0131n\u0131 belirtti.<\/span><\/p>\n<p>&nbsp;<\/p>\n<p><span style=\"font-weight: 400;\">Dipnot: T\u00fcm markal\u0131 i\u00e7erikler Ak\u0131\u015f, Hikayeler, Live, Reels videolar\u0131nda \u00fccretli ortakl\u0131k etiketi ile belirtilmelidir. \u0130\u015fbirli\u011fi i\u00e7eren i\u00e7eriklerde #reklam ve #i\u015fbirli\u011fi hashtagleri her zaman kullan\u0131lmal\u0131d\u0131r.<\/span><\/p>\n<p>&nbsp;<\/p>\n<p><span style=\"font-weight: 400;\">Daha fazla bilgi i\u00e7in:<\/span><a href=\"https:\/\/www.facebook.com\/help\/instagram\/337707278243327\" rel=\"nofollow noopener\" target=\"_blank\"><b> Instagram Blog<\/b><\/a><\/p>\n<p>&nbsp;<\/p>\n<p><a href=\"https:\/\/help.instagram.com\/340386727982950?helpref=faq_content&amp;cms_id=340386727982950\" rel=\"nofollow noopener\" target=\"_blank\"><b>\u0130\u00e7erik \u00fcretici pazaryerine kat\u0131lmak i\u00e7in \ud83d\uddb1\ufe0f<\/b><\/a><\/p>\n","protected":false},"excerpt":{"rendered":"<p>Instagram i\u00e7erik \u00fcreticisi pazaryeri, 2022 y\u0131l\u0131nda ilk olarak ABD\u2019de test edilmeye ve kullan\u0131lmaya ba\u015flanm\u0131\u015ft\u0131. Ge\u00e7ti\u011fimiz g\u00fcnlerde Instagram, markalar ve i\u00e7erik \u00fcreticilerini bir araya getiren pazaryeri Creator Marketplace\u2019 i 8 \u00fclkede daha kullan\u0131ma a\u00e7t\u0131\u011f\u0131n\u0131 duyurdu. &nbsp; Bu yeni pazarlara Kanada, Avustralya, Yeni Zelanda, Birle\u015fik Krall\u0131k, Japonya, Hindistan ve Brezilya dahil olacak. &nbsp; Markalar\u0131 reklam ortaklar\u0131 ve&#8230;<\/p>\n","protected":false},"author":1,"featured_media":1758,"comment_status":"open","ping_status":"open","sticky":false,"template":"","format":"standard","meta":{"footnotes":""},"categories":[23],"tags":[],"class_list":["post-1082","post","type-post","status-publish","format-standard","has-post-thumbnail","hentry","category-sosyal-medya"],"_links":{"self":[{"href":"https:\/\/www.nerecyilmaz.com\/tr\/wp-json\/wp\/v2\/posts\/1082","targetHints":{"allow":["GET"]}}],"collection":[{"href":"https:\/\/www.nerecyilmaz.com\/tr\/wp-json\/wp\/v2\/posts"}],"about":[{"href":"https:\/\/www.nerecyilmaz.com\/tr\/wp-json\/wp\/v2\/types\/post"}],"author":[{"embeddable":true,"href":"https:\/\/www.nerecyilmaz.com\/tr\/wp-json\/wp\/v2\/users\/1"}],"replies":[{"embeddable":true,"href":"https:\/\/www.nerecyilmaz.com\/tr\/wp-json\/wp\/v2\/comments?post=1082"}],"version-history":[{"count":0,"href":"https:\/\/www.nerecyilmaz.com\/tr\/wp-json\/wp\/v2\/posts\/1082\/revisions"}],"wp:featuredmedia":[{"embeddable":true,"href":"https:\/\/www.nerecyilmaz.com\/tr\/wp-json\/wp\/v2\/media\/1758"}],"wp:attachment":[{"href":"https:\/\/www.nerecyilmaz.com\/tr\/wp-json\/wp\/v2\/media?parent=1082"}],"wp:term":[{"taxonomy":"category","embeddable":true,"href":"https:\/\/www.nerecyilmaz.com\/tr\/wp-json\/wp\/v2\/categories?post=1082"},{"taxonomy":"post_tag","embeddable":true,"href":"https:\/\/www.nerecyilmaz.com\/tr\/wp-json\/wp\/v2\/tags?post=1082"}],"curies":[{"name":"wp","href":"https:\/\/api.w.org\/{rel}","templated":true}]}}